{"id":4986,"date":"2019-05-06T13:55:06","date_gmt":"2019-05-06T12:55:06","guid":{"rendered":"https:\/\/www.dieulefit-tourisme.com\/de\/flaneries-%c5%93notouristiques%e2%80%a6"},"modified":"2019-05-06T13:55:06","modified_gmt":"2019-05-06T12:55:06","slug":"flaneries-%c5%93notouristiques%e2%80%a6","status":"publish","type":"post","link":"https:\/\/www.dieulefit-tourisme.com\/de\/2019\/05\/06\/flaneries-%c5%93notouristiques%e2%80%a6\/","title":{"rendered":"Fl\u00e2neries \u0153notouristiques\u2026"},"content":{"rendered":"\n\t\t<style type=\"text\/css\">\n\t\t\t#gallery-1 {\n\t\t\t\tmargin: auto;\n\t\t\t}\n\t\t\t#gallery-1 .gallery-item {\n\t\t\t\tfloat: left;\n\t\t\t\tmargin-top: 10px;\n\t\t\t\ttext-align: center;\n\t\t\t\twidth: 20%;\n\t\t\t}\n\t\t\t#gallery-1 img {\n\t\t\t\tborder: 2px solid #cfcfcf;\n\t\t\t}\n\t\t\t#gallery-1 .gallery-caption {\n\t\t\t\tmargin-left: 0;\n\t\t\t}\n\t\t\t\/* see gallery_shortcode() in wp-includes\/media.php *\/\n\t\t<\/style>\n\t\t<div id='gallery-1' class='gallery galleryid-4986 gallery-columns-5 gallery-size-entityThumbnailSquare'><dl class='gallery-item'>\n\t\t\t<dt class='gallery-icon landscape'>\n\t\t\t\t<a href='https:\/\/www.dieulefit-tourisme.com\/de\/2019\/05\/06\/flaneries-%c5%93notouristiques%e2%80%a6\/14032017-_mg_0238\/'><img width=\"400\" height=\"400\" src=\"https:\/\/www.dieulefit-tourisme.com\/de\/wp-content\/uploads\/sites\/4\/2018\/07\/14032017-_mg_0238-400x400.jpg\" class=\"attachment-entityThumbnailSquare size-entityThumbnailSquare\" alt=\"\" loading=\"lazy\" srcset=\"https:\/\/www.dieulefit-tourisme.com\/de\/wp-content\/uploads\/sites\/4\/2018\/07\/14032017-_mg_0238-400x400.jpg 400w, https:\/\/www.dieulefit-tourisme.com\/de\/wp-content\/uploads\/sites\/4\/2018\/07\/14032017-_mg_0238-150x150.jpg 150w, https:\/\/www.dieulefit-tourisme.com\/de\/wp-content\/uploads\/sites\/4\/2018\/07\/14032017-_mg_0238-200x200.jpg 200w, https:\/\/www.dieulefit-tourisme.com\/de\/wp-content\/uploads\/sites\/4\/2018\/07\/14032017-_mg_0238-60x60.jpg 60w\" sizes=\"(max-width: 400px) 100vw, 400px\" \/><\/a>\n\t\t\t<\/dt><\/dl><dl class='gallery-item'>\n\t\t\t<dt class='gallery-icon landscape'>\n\t\t\t\t<a href='https:\/\/www.dieulefit-tourisme.com\/de\/2019\/05\/06\/flaneries-%c5%93notouristiques%e2%80%a6\/coupe-des-lavandins-c2a9-anna-puig-rosado-18\/'><img width=\"400\" height=\"400\" src=\"https:\/\/www.dieulefit-tourisme.com\/de\/wp-content\/uploads\/sites\/4\/2018\/07\/coupe-des-lavandins-c2a9-anna-puig-rosado-18-400x400.jpg\" class=\"attachment-entityThumbnailSquare size-entityThumbnailSquare\" alt=\"\" loading=\"lazy\" srcset=\"https:\/\/www.dieulefit-tourisme.com\/de\/wp-content\/uploads\/sites\/4\/2018\/07\/coupe-des-lavandins-c2a9-anna-puig-rosado-18-400x400.jpg 400w, https:\/\/www.dieulefit-tourisme.com\/de\/wp-content\/uploads\/sites\/4\/2018\/07\/coupe-des-lavandins-c2a9-anna-puig-rosado-18-150x150.jpg 150w, https:\/\/www.dieulefit-tourisme.com\/de\/wp-content\/uploads\/sites\/4\/2018\/07\/coupe-des-lavandins-c2a9-anna-puig-rosado-18-200x200.jpg 200w, https:\/\/www.dieulefit-tourisme.com\/de\/wp-content\/uploads\/sites\/4\/2018\/07\/coupe-des-lavandins-c2a9-anna-puig-rosado-18-60x60.jpg 60w\" sizes=\"(max-width: 400px) 100vw, 400px\" \/><\/a>\n\t\t\t<\/dt><\/dl><dl class='gallery-item'>\n\t\t\t<dt class='gallery-icon portrait'>\n\t\t\t\t<a href='https:\/\/www.dieulefit-tourisme.com\/de\/2019\/05\/06\/flaneries-%c5%93notouristiques%e2%80%a6\/mg_0189\/'><img width=\"370\" height=\"400\" src=\"https:\/\/www.dieulefit-tourisme.com\/de\/wp-content\/uploads\/sites\/4\/2018\/07\/mg_0189-370x400.jpg\" class=\"attachment-entityThumbnailSquare size-entityThumbnailSquare\" alt=\"\" loading=\"lazy\" \/><\/a>\n\t\t\t<\/dt><\/dl><dl class='gallery-item'>\n\t\t\t<dt class='gallery-icon landscape'>\n\t\t\t\t<a href='https:\/\/www.dieulefit-tourisme.com\/de\/2019\/05\/06\/flaneries-%c5%93notouristiques%e2%80%a6\/mg_0396\/'><img width=\"400\" height=\"400\" src=\"https:\/\/www.dieulefit-tourisme.com\/de\/wp-content\/uploads\/sites\/4\/2018\/07\/mg_0396-400x400.jpg\" class=\"attachment-entityThumbnailSquare size-entityThumbnailSquare\" alt=\"\" loading=\"lazy\" srcset=\"https:\/\/www.dieulefit-tourisme.com\/de\/wp-content\/uploads\/sites\/4\/2018\/07\/mg_0396-400x400.jpg 400w, https:\/\/www.dieulefit-tourisme.com\/de\/wp-content\/uploads\/sites\/4\/2018\/07\/mg_0396-150x150.jpg 150w, https:\/\/www.dieulefit-tourisme.com\/de\/wp-content\/uploads\/sites\/4\/2018\/07\/mg_0396-200x200.jpg 200w, https:\/\/www.dieulefit-tourisme.com\/de\/wp-content\/uploads\/sites\/4\/2018\/07\/mg_0396-60x60.jpg 60w\" sizes=\"(max-width: 400px) 100vw, 400px\" \/><\/a>\n\t\t\t<\/dt><\/dl><dl class='gallery-item'>\n\t\t\t<dt class='gallery-icon portrait'>\n\t\t\t\t<a href='https:\/\/www.dieulefit-tourisme.com\/de\/2019\/05\/06\/flaneries-%c5%93notouristiques%e2%80%a6\/mg_0432\/'><img width=\"370\" height=\"400\" src=\"https:\/\/www.dieulefit-tourisme.com\/de\/wp-content\/uploads\/sites\/4\/2018\/07\/mg_0432-370x400.jpg\" class=\"attachment-entityThumbnailSquare size-entityThumbnailSquare\" alt=\"\" loading=\"lazy\" \/><\/a>\n\t\t\t<\/dt><\/dl><br style=\"clear: both\" \/><dl class='gallery-item'>\n\t\t\t<dt class='gallery-icon landscape'>\n\t\t\t\t<a href='https:\/\/www.dieulefit-tourisme.com\/de\/2019\/05\/06\/flaneries-%c5%93notouristiques%e2%80%a6\/panneaux-grenache\/'><img width=\"400\" height=\"400\" src=\"https:\/\/www.dieulefit-tourisme.com\/de\/wp-content\/uploads\/sites\/4\/2018\/07\/panneaux-grenache-400x400.jpg\" class=\"attachment-entityThumbnailSquare size-entityThumbnailSquare\" alt=\"\" loading=\"lazy\" srcset=\"https:\/\/www.dieulefit-tourisme.com\/de\/wp-content\/uploads\/sites\/4\/2018\/07\/panneaux-grenache-400x400.jpg 400w, https:\/\/www.dieulefit-tourisme.com\/de\/wp-content\/uploads\/sites\/4\/2018\/07\/panneaux-grenache-150x150.jpg 150w, https:\/\/www.dieulefit-tourisme.com\/de\/wp-content\/uploads\/sites\/4\/2018\/07\/panneaux-grenache-200x200.jpg 200w, https:\/\/www.dieulefit-tourisme.com\/de\/wp-content\/uploads\/sites\/4\/2018\/07\/panneaux-grenache-60x60.jpg 60w\" sizes=\"(max-width: 400px) 100vw, 400px\" \/><\/a>\n\t\t\t<\/dt><\/dl><dl class='gallery-item'>\n\t\t\t<dt class='gallery-icon landscape'>\n\t\t\t\t<a href='https:\/\/www.dieulefit-tourisme.com\/de\/2019\/05\/06\/flaneries-%c5%93notouristiques%e2%80%a6\/panneaux-sentier\/'><img width=\"400\" height=\"400\" src=\"https:\/\/www.dieulefit-tourisme.com\/de\/wp-content\/uploads\/sites\/4\/2018\/07\/panneaux-sentier-400x400.jpg\" class=\"attachment-entityThumbnailSquare size-entityThumbnailSquare\" alt=\"\" loading=\"lazy\" srcset=\"https:\/\/www.dieulefit-tourisme.com\/de\/wp-content\/uploads\/sites\/4\/2018\/07\/panneaux-sentier-400x400.jpg 400w, https:\/\/www.dieulefit-tourisme.com\/de\/wp-content\/uploads\/sites\/4\/2018\/07\/panneaux-sentier-150x150.jpg 150w, https:\/\/www.dieulefit-tourisme.com\/de\/wp-content\/uploads\/sites\/4\/2018\/07\/panneaux-sentier-200x200.jpg 200w, https:\/\/www.dieulefit-tourisme.com\/de\/wp-content\/uploads\/sites\/4\/2018\/07\/panneaux-sentier-60x60.jpg 60w\" sizes=\"(max-width: 400px) 100vw, 400px\" \/><\/a>\n\t\t\t<\/dt><\/dl><dl class='gallery-item'>\n\t\t\t<dt class='gallery-icon landscape'>\n\t\t\t\t<a href='https:\/\/www.dieulefit-tourisme.com\/de\/2019\/05\/06\/flaneries-%c5%93notouristiques%e2%80%a6\/panorama-vendanges-mains\/'><img width=\"400\" height=\"371\" src=\"https:\/\/www.dieulefit-tourisme.com\/de\/wp-content\/uploads\/sites\/4\/2018\/07\/panorama-vendanges-mains-400x371.jpg\" class=\"attachment-entityThumbnailSquare size-entityThumbnailSquare\" alt=\"\" loading=\"lazy\" \/><\/a>\n\t\t\t<\/dt><\/dl><dl class='gallery-item'>\n\t\t\t<dt class='gallery-icon landscape'>\n\t\t\t\t<a href='https:\/\/www.dieulefit-tourisme.com\/de\/2019\/05\/06\/flaneries-%c5%93notouristiques%e2%80%a6\/panoramma-table-dorientation\/'><img width=\"400\" height=\"400\" src=\"https:\/\/www.dieulefit-tourisme.com\/de\/wp-content\/uploads\/sites\/4\/2018\/07\/panoramma-table-dorientation-400x400.jpg\" class=\"attachment-entityThumbnailSquare size-entityThumbnailSquare\" alt=\"\" loading=\"lazy\" srcset=\"https:\/\/www.dieulefit-tourisme.com\/de\/wp-content\/uploads\/sites\/4\/2018\/07\/panoramma-table-dorientation-400x400.jpg 400w, https:\/\/www.dieulefit-tourisme.com\/de\/wp-content\/uploads\/sites\/4\/2018\/07\/panoramma-table-dorientation-150x150.jpg 150w, https:\/\/www.dieulefit-tourisme.com\/de\/wp-content\/uploads\/sites\/4\/2018\/07\/panoramma-table-dorientation-200x200.jpg 200w, https:\/\/www.dieulefit-tourisme.com\/de\/wp-content\/uploads\/sites\/4\/2018\/07\/panoramma-table-dorientation-60x60.jpg 60w\" sizes=\"(max-width: 400px) 100vw, 400px\" \/><\/a>\n\t\t\t<\/dt><\/dl><dl class='gallery-item'>\n\t\t\t<dt class='gallery-icon portrait'>\n\t\t\t\t<a href='https:\/\/www.dieulefit-tourisme.com\/de\/2019\/05\/06\/flaneries-%c5%93notouristiques%e2%80%a6\/sc3a9lection-mise-en-bouteille-serre-de-vigne-fc3a9vrier-2017-c2a9-anna-puig-rosado-7-2\/'><img width=\"370\" height=\"400\" src=\"https:\/\/www.dieulefit-tourisme.com\/de\/wp-content\/uploads\/sites\/4\/2018\/07\/sc3a9lection-mise-en-bouteille-serre-de-vigne-fc3a9vrier-2017-c2a9-anna-puig-rosado-7-2-370x400.jpg\" class=\"attachment-entityThumbnailSquare size-entityThumbnailSquare\" alt=\"\" loading=\"lazy\" \/><\/a>\n\t\t\t<\/dt><\/dl><br style=\"clear: both\" \/><dl class='gallery-item'>\n\t\t\t<dt class='gallery-icon landscape'>\n\t\t\t\t<a href='https:\/\/www.dieulefit-tourisme.com\/de\/2019\/05\/06\/flaneries-%c5%93notouristiques%e2%80%a6\/sentier-thc3a9matiques-table-dorientation\/'><img width=\"400\" height=\"400\" src=\"https:\/\/www.dieulefit-tourisme.com\/de\/wp-content\/uploads\/sites\/4\/2018\/07\/sentier-thc3a9matiques-table-dorientation-400x400.jpg\" class=\"attachment-entityThumbnailSquare size-entityThumbnailSquare\" alt=\"\" loading=\"lazy\" srcset=\"https:\/\/www.dieulefit-tourisme.com\/de\/wp-content\/uploads\/sites\/4\/2018\/07\/sentier-thc3a9matiques-table-dorientation-400x400.jpg 400w, https:\/\/www.dieulefit-tourisme.com\/de\/wp-content\/uploads\/sites\/4\/2018\/07\/sentier-thc3a9matiques-table-dorientation-150x150.jpg 150w, https:\/\/www.dieulefit-tourisme.com\/de\/wp-content\/uploads\/sites\/4\/2018\/07\/sentier-thc3a9matiques-table-dorientation-200x200.jpg 200w, https:\/\/www.dieulefit-tourisme.com\/de\/wp-content\/uploads\/sites\/4\/2018\/07\/sentier-thc3a9matiques-table-dorientation-60x60.jpg 60w\" sizes=\"(max-width: 400px) 100vw, 400px\" \/><\/a>\n\t\t\t<\/dt><\/dl><dl class='gallery-item'>\n\t\t\t<dt class='gallery-icon landscape'>\n\t\t\t\t<a href='https:\/\/www.dieulefit-tourisme.com\/de\/2019\/05\/06\/flaneries-%c5%93notouristiques%e2%80%a6\/serre-des-vignes-abricotiers-en-fleur-c2a9-anna-puig-rosado-1\/'><img width=\"400\" height=\"400\" src=\"https:\/\/www.dieulefit-tourisme.com\/de\/wp-content\/uploads\/sites\/4\/2018\/07\/serre-des-vignes-abricotiers-en-fleur-c2a9-anna-puig-rosado-1-400x400.jpg\" class=\"attachment-entityThumbnailSquare size-entityThumbnailSquare\" alt=\"\" loading=\"lazy\" srcset=\"https:\/\/www.dieulefit-tourisme.com\/de\/wp-content\/uploads\/sites\/4\/2018\/07\/serre-des-vignes-abricotiers-en-fleur-c2a9-anna-puig-rosado-1-400x400.jpg 400w, https:\/\/www.dieulefit-tourisme.com\/de\/wp-content\/uploads\/sites\/4\/2018\/07\/serre-des-vignes-abricotiers-en-fleur-c2a9-anna-puig-rosado-1-150x150.jpg 150w, https:\/\/www.dieulefit-tourisme.com\/de\/wp-content\/uploads\/sites\/4\/2018\/07\/serre-des-vignes-abricotiers-en-fleur-c2a9-anna-puig-rosado-1-200x200.jpg 200w, https:\/\/www.dieulefit-tourisme.com\/de\/wp-content\/uploads\/sites\/4\/2018\/07\/serre-des-vignes-abricotiers-en-fleur-c2a9-anna-puig-rosado-1-60x60.jpg 60w\" sizes=\"(max-width: 400px) 100vw, 400px\" \/><\/a>\n\t\t\t<\/dt><\/dl><dl class='gallery-item'>\n\t\t\t<dt class='gallery-icon landscape'>\n\t\t\t\t<a href='https:\/\/www.dieulefit-tourisme.com\/de\/2019\/05\/06\/flaneries-%c5%93notouristiques%e2%80%a6\/serre-des-vignes-abricots-et-paysages-51\/'><img width=\"400\" height=\"400\" src=\"https:\/\/www.dieulefit-tourisme.com\/de\/wp-content\/uploads\/sites\/4\/2018\/07\/serre-des-vignes-abricots-et-paysages-51-400x400.jpg\" class=\"attachment-entityThumbnailSquare size-entityThumbnailSquare\" alt=\"\" loading=\"lazy\" srcset=\"https:\/\/www.dieulefit-tourisme.com\/de\/wp-content\/uploads\/sites\/4\/2018\/07\/serre-des-vignes-abricots-et-paysages-51-400x400.jpg 400w, https:\/\/www.dieulefit-tourisme.com\/de\/wp-content\/uploads\/sites\/4\/2018\/07\/serre-des-vignes-abricots-et-paysages-51-150x150.jpg 150w, https:\/\/www.dieulefit-tourisme.com\/de\/wp-content\/uploads\/sites\/4\/2018\/07\/serre-des-vignes-abricots-et-paysages-51-200x200.jpg 200w, https:\/\/www.dieulefit-tourisme.com\/de\/wp-content\/uploads\/sites\/4\/2018\/07\/serre-des-vignes-abricots-et-paysages-51-60x60.jpg 60w\" sizes=\"(max-width: 400px) 100vw, 400px\" \/><\/a>\n\t\t\t<\/dt><\/dl><dl class='gallery-item'>\n\t\t\t<dt class='gallery-icon landscape'>\n\t\t\t\t<a href='https:\/\/www.dieulefit-tourisme.com\/de\/2019\/05\/06\/flaneries-%c5%93notouristiques%e2%80%a6\/serre-des-vignes-cave-et-eunologie-e2978a-anna-puig-rosado-12\/'><img width=\"400\" height=\"400\" src=\"https:\/\/www.dieulefit-tourisme.com\/de\/wp-content\/uploads\/sites\/4\/2018\/07\/serre-des-vignes-cave-et-eunologie-e2978a-anna-puig-rosado-12-400x400.jpg\" class=\"attachment-entityThumbnailSquare size-entityThumbnailSquare\" alt=\"\" loading=\"lazy\" srcset=\"https:\/\/www.dieulefit-tourisme.com\/de\/wp-content\/uploads\/sites\/4\/2018\/07\/serre-des-vignes-cave-et-eunologie-e2978a-anna-puig-rosado-12-400x400.jpg 400w, https:\/\/www.dieulefit-tourisme.com\/de\/wp-content\/uploads\/sites\/4\/2018\/07\/serre-des-vignes-cave-et-eunologie-e2978a-anna-puig-rosado-12-150x150.jpg 150w, https:\/\/www.dieulefit-tourisme.com\/de\/wp-content\/uploads\/sites\/4\/2018\/07\/serre-des-vignes-cave-et-eunologie-e2978a-anna-puig-rosado-12-200x200.jpg 200w, https:\/\/www.dieulefit-tourisme.com\/de\/wp-content\/uploads\/sites\/4\/2018\/07\/serre-des-vignes-cave-et-eunologie-e2978a-anna-puig-rosado-12-60x60.jpg 60w\" sizes=\"(max-width: 400px) 100vw, 400px\" \/><\/a>\n\t\t\t<\/dt><\/dl><dl class='gallery-item'>\n\t\t\t<dt class='gallery-icon landscape'>\n\t\t\t\t<a href='https:\/\/www.dieulefit-tourisme.com\/de\/2019\/05\/06\/flaneries-%c5%93notouristiques%e2%80%a6\/serre-des-vignes-cave-et-eunologie-e2978a-anna-puig-rosado-43\/'><img width=\"400\" height=\"400\" src=\"https:\/\/www.dieulefit-tourisme.com\/de\/wp-content\/uploads\/sites\/4\/2018\/07\/serre-des-vignes-cave-et-eunologie-e2978a-anna-puig-rosado-43-400x400.jpg\" class=\"attachment-entityThumbnailSquare size-entityThumbnailSquare\" alt=\"\" loading=\"lazy\" srcset=\"https:\/\/www.dieulefit-tourisme.com\/de\/wp-content\/uploads\/sites\/4\/2018\/07\/serre-des-vignes-cave-et-eunologie-e2978a-anna-puig-rosado-43-400x400.jpg 400w, https:\/\/www.dieulefit-tourisme.com\/de\/wp-content\/uploads\/sites\/4\/2018\/07\/serre-des-vignes-cave-et-eunologie-e2978a-anna-puig-rosado-43-150x150.jpg 150w, https:\/\/www.dieulefit-tourisme.com\/de\/wp-content\/uploads\/sites\/4\/2018\/07\/serre-des-vignes-cave-et-eunologie-e2978a-anna-puig-rosado-43-200x200.jpg 200w, https:\/\/www.dieulefit-tourisme.com\/de\/wp-content\/uploads\/sites\/4\/2018\/07\/serre-des-vignes-cave-et-eunologie-e2978a-anna-puig-rosado-43-60x60.jpg 60w\" sizes=\"(max-width: 400px) 100vw, 400px\" \/><\/a>\n\t\t\t<\/dt><\/dl><br style=\"clear: both\" \/><dl class='gallery-item'>\n\t\t\t<dt class='gallery-icon landscape'>\n\t\t\t\t<a href='https:\/\/www.dieulefit-tourisme.com\/de\/2019\/05\/06\/flaneries-%c5%93notouristiques%e2%80%a6\/serre-des-vignes-dc3a9cuvage-c2a9-anna-puig-rosado-5\/'><img width=\"400\" height=\"400\" src=\"https:\/\/www.dieulefit-tourisme.com\/de\/wp-content\/uploads\/sites\/4\/2018\/07\/serre-des-vignes-dc3a9cuvage-c2a9-anna-puig-rosado-5-400x400.jpg\" class=\"attachment-entityThumbnailSquare size-entityThumbnailSquare\" alt=\"\" loading=\"lazy\" srcset=\"https:\/\/www.dieulefit-tourisme.com\/de\/wp-content\/uploads\/sites\/4\/2018\/07\/serre-des-vignes-dc3a9cuvage-c2a9-anna-puig-rosado-5-400x400.jpg 400w, https:\/\/www.dieulefit-tourisme.com\/de\/wp-content\/uploads\/sites\/4\/2018\/07\/serre-des-vignes-dc3a9cuvage-c2a9-anna-puig-rosado-5-150x150.jpg 150w, https:\/\/www.dieulefit-tourisme.com\/de\/wp-content\/uploads\/sites\/4\/2018\/07\/serre-des-vignes-dc3a9cuvage-c2a9-anna-puig-rosado-5-200x200.jpg 200w, https:\/\/www.dieulefit-tourisme.com\/de\/wp-content\/uploads\/sites\/4\/2018\/07\/serre-des-vignes-dc3a9cuvage-c2a9-anna-puig-rosado-5-60x60.jpg 60w\" sizes=\"(max-width: 400px) 100vw, 400px\" \/><\/a>\n\t\t\t<\/dt><\/dl><dl class='gallery-item'>\n\t\t\t<dt class='gallery-icon portrait'>\n\t\t\t\t<a href='https:\/\/www.dieulefit-tourisme.com\/de\/2019\/05\/06\/flaneries-%c5%93notouristiques%e2%80%a6\/serre-des-vignes-portraits-c2a9-anna-puig-rosado-10\/'><img width=\"400\" height=\"400\" src=\"https:\/\/www.dieulefit-tourisme.com\/de\/wp-content\/uploads\/sites\/4\/2018\/07\/serre-des-vignes-portraits-c2a9-anna-puig-rosado-10-400x400.jpg\" class=\"attachment-entityThumbnailSquare size-entityThumbnailSquare\" alt=\"\" loading=\"lazy\" srcset=\"https:\/\/www.dieulefit-tourisme.com\/de\/wp-content\/uploads\/sites\/4\/2018\/07\/serre-des-vignes-portraits-c2a9-anna-puig-rosado-10-400x400.jpg 400w, https:\/\/www.dieulefit-tourisme.com\/de\/wp-content\/uploads\/sites\/4\/2018\/07\/serre-des-vignes-portraits-c2a9-anna-puig-rosado-10-150x150.jpg 150w, https:\/\/www.dieulefit-tourisme.com\/de\/wp-content\/uploads\/sites\/4\/2018\/07\/serre-des-vignes-portraits-c2a9-anna-puig-rosado-10-200x200.jpg 200w, https:\/\/www.dieulefit-tourisme.com\/de\/wp-content\/uploads\/sites\/4\/2018\/07\/serre-des-vignes-portraits-c2a9-anna-puig-rosado-10-60x60.jpg 60w\" sizes=\"(max-width: 400px) 100vw, 400px\" \/><\/a>\n\t\t\t<\/dt><\/dl><dl class='gallery-item'>\n\t\t\t<dt class='gallery-icon portrait'>\n\t\t\t\t<a href='https:\/\/www.dieulefit-tourisme.com\/de\/2019\/05\/06\/flaneries-%c5%93notouristiques%e2%80%a6\/serre-des-vignes-portraits-c2a9-anna-puig-rosado-19\/'><img width=\"370\" height=\"400\" src=\"https:\/\/www.dieulefit-tourisme.com\/de\/wp-content\/uploads\/sites\/4\/2018\/07\/serre-des-vignes-portraits-c2a9-anna-puig-rosado-19-370x400.jpg\" class=\"attachment-entityThumbnailSquare size-entityThumbnailSquare\" alt=\"\" loading=\"lazy\" \/><\/a>\n\t\t\t<\/dt><\/dl><dl class='gallery-item'>\n\t\t\t<dt class='gallery-icon portrait'>\n\t\t\t\t<a href='https:\/\/www.dieulefit-tourisme.com\/de\/2019\/05\/06\/flaneries-%c5%93notouristiques%e2%80%a6\/serre-des-vignes-taille-des-vignes-c2a9-anna-puig-rosado-5\/'><img width=\"370\" height=\"400\" src=\"https:\/\/www.dieulefit-tourisme.com\/de\/wp-content\/uploads\/sites\/4\/2018\/07\/serre-des-vignes-taille-des-vignes-c2a9-anna-puig-rosado-5-370x400.jpg\" class=\"attachment-entityThumbnailSquare size-entityThumbnailSquare\" alt=\"\" loading=\"lazy\" \/><\/a>\n\t\t\t<\/dt><\/dl><dl class='gallery-item'>\n\t\t\t<dt class='gallery-icon portrait'>\n\t\t\t\t<a href='https:\/\/www.dieulefit-tourisme.com\/de\/2019\/05\/06\/flaneries-%c5%93notouristiques%e2%80%a6\/serre-des-vignes-vendanges-machine-blanc-et-cave-c2a9-anna-puig-rosado-10\/'><img width=\"370\" height=\"400\" src=\"https:\/\/www.dieulefit-tourisme.com\/de\/wp-content\/uploads\/sites\/4\/2018\/07\/serre-des-vignes-vendanges-machine-blanc-et-cave-c2a9-anna-puig-rosado-10-370x400.jpg\" class=\"attachment-entityThumbnailSquare size-entityThumbnailSquare\" alt=\"\" loading=\"lazy\" \/><\/a>\n\t\t\t<\/dt><\/dl><br style=\"clear: both\" \/><dl class='gallery-item'>\n\t\t\t<dt class='gallery-icon landscape'>\n\t\t\t\t<a href='https:\/\/www.dieulefit-tourisme.com\/de\/2019\/05\/06\/flaneries-%c5%93notouristiques%e2%80%a6\/serre-des-vignes-vendanges-machine-blanc-et-cave-c2a9-anna-puig-rosado-18\/'><img width=\"400\" height=\"400\" src=\"https:\/\/www.dieulefit-tourisme.com\/de\/wp-content\/uploads\/sites\/4\/2018\/07\/serre-des-vignes-vendanges-machine-blanc-et-cave-c2a9-anna-puig-rosado-18-400x400.jpg\" class=\"attachment-entityThumbnailSquare size-entityThumbnailSquare\" alt=\"\" loading=\"lazy\" srcset=\"https:\/\/www.dieulefit-tourisme.com\/de\/wp-content\/uploads\/sites\/4\/2018\/07\/serre-des-vignes-vendanges-machine-blanc-et-cave-c2a9-anna-puig-rosado-18-400x400.jpg 400w, https:\/\/www.dieulefit-tourisme.com\/de\/wp-content\/uploads\/sites\/4\/2018\/07\/serre-des-vignes-vendanges-machine-blanc-et-cave-c2a9-anna-puig-rosado-18-150x150.jpg 150w, https:\/\/www.dieulefit-tourisme.com\/de\/wp-content\/uploads\/sites\/4\/2018\/07\/serre-des-vignes-vendanges-machine-blanc-et-cave-c2a9-anna-puig-rosado-18-200x200.jpg 200w, https:\/\/www.dieulefit-tourisme.com\/de\/wp-content\/uploads\/sites\/4\/2018\/07\/serre-des-vignes-vendanges-machine-blanc-et-cave-c2a9-anna-puig-rosado-18-60x60.jpg 60w\" sizes=\"(max-width: 400px) 100vw, 400px\" \/><\/a>\n\t\t\t<\/dt><\/dl><dl class='gallery-item'>\n\t\t\t<dt class='gallery-icon portrait'>\n\t\t\t\t<a href='https:\/\/www.dieulefit-tourisme.com\/de\/2019\/05\/06\/flaneries-%c5%93notouristiques%e2%80%a6\/serre-des-vignes-vendanges-manuelles-c2a9-anna-puig-rosado-8\/'><img width=\"370\" height=\"400\" src=\"https:\/\/www.dieulefit-tourisme.com\/de\/wp-content\/uploads\/sites\/4\/2018\/07\/serre-des-vignes-vendanges-manuelles-c2a9-anna-puig-rosado-8-370x400.jpg\" class=\"attachment-entityThumbnailSquare size-entityThumbnailSquare\" alt=\"\" loading=\"lazy\" \/><\/a>\n\t\t\t<\/dt><\/dl><dl class='gallery-item'>\n\t\t\t<dt class='gallery-icon portrait'>\n\t\t\t\t<a href='https:\/\/www.dieulefit-tourisme.com\/de\/2019\/05\/06\/flaneries-%c5%93notouristiques%e2%80%a6\/serre-des-vignes-vendanges-manuelles-c2a9-anna-puig-rosado-25\/'><img width=\"370\" height=\"400\" src=\"https:\/\/www.dieulefit-tourisme.com\/de\/wp-content\/uploads\/sites\/4\/2018\/07\/serre-des-vignes-vendanges-manuelles-c2a9-anna-puig-rosado-25-370x400.jpg\" class=\"attachment-entityThumbnailSquare size-entityThumbnailSquare\" alt=\"\" loading=\"lazy\" \/><\/a>\n\t\t\t<\/dt><\/dl><dl class='gallery-item'>\n\t\t\t<dt class='gallery-icon landscape'>\n\t\t\t\t<a href='https:\/\/www.dieulefit-tourisme.com\/de\/2019\/05\/06\/flaneries-%c5%93notouristiques%e2%80%a6\/table-dorientation-avec-public\/'><img width=\"400\" height=\"400\" src=\"https:\/\/www.dieulefit-tourisme.com\/de\/wp-content\/uploads\/sites\/4\/2018\/07\/table-dorientation-avec-public-400x400.jpg\" class=\"attachment-entityThumbnailSquare size-entityThumbnailSquare\" alt=\"\" loading=\"lazy\" srcset=\"https:\/\/www.dieulefit-tourisme.com\/de\/wp-content\/uploads\/sites\/4\/2018\/07\/table-dorientation-avec-public-400x400.jpg 400w, https:\/\/www.dieulefit-tourisme.com\/de\/wp-content\/uploads\/sites\/4\/2018\/07\/table-dorientation-avec-public-150x150.jpg 150w, https:\/\/www.dieulefit-tourisme.com\/de\/wp-content\/uploads\/sites\/4\/2018\/07\/table-dorientation-avec-public-200x200.jpg 200w, https:\/\/www.dieulefit-tourisme.com\/de\/wp-content\/uploads\/sites\/4\/2018\/07\/table-dorientation-avec-public-60x60.jpg 60w\" sizes=\"(max-width: 400px) 100vw, 400px\" \/><\/a>\n\t\t\t<\/dt><\/dl>\n\t\t\t<br style='clear: both' \/>\n\t\t<\/div>\n\n<p>Aujourd\u2019hui, B\u00ea\u00ea\u00eala s\u2019en est all\u00e9e visiter un domaine viticole du territoire: Le Serre des Vignes \u00e0 la Roche-Saint-Secret-B\u00e9conne.<br \/>\nElle y a trouv\u00e9 bien plus que ce \u00e0 quoi elle s\u2019attendait\u00a0! Bien entendu un magnifique domaine en agriculture biologique, d\u2019appellation AOC Grignan les Adh\u00e9mar, un caveau, mais \u00e9galement des cultures d\u2019abricots et de lavandin. Le tout dirig\u00e9 avec passion par la famille Roux. La totalit\u00e9 de la vinification se fait sur place, dans une cave en demi sous-sol.<br \/>\nElle y a trouv\u00e9 divers c\u00e9pages : la Syrah, le Grenache Noir et Blanc, le Viognier, le Mourv\u00e8dre ou encore le Carignan\u2026 Le terrain en coteaux du Serre des Vignes, argilo-calcaire et pr\u00e9sentant un sous-sol marneux est id\u00e9al pour la culture de ces fruits en grappe.<br \/>\nPour couronner le tout, B\u00ea\u00ea\u00eala s\u2019est offert une jolie balade d\u2019environ 2 heures au sein du domaine, avec de splendides vues sur le vignoble et les environs (notamment la montagne de la Lance). Les propri\u00e9taires ont m\u00eame pris le soin d\u2019installer une table d\u2019orientation.<br \/>\nLe site internet est incontestablement une mine d\u2019information, avec une superbe vid\u00e9o de pr\u00e9sentation\u00a0: <a href=\"http:\/\/www.serredesvignes.com\" rel=\"nofollow\">http:\/\/www.serredesvignes.com<\/a><\/p>\n<p>&nbsp;<\/p>\n","protected":false},"excerpt":{"rendered":"<p>Aujourd\u2019hui, B\u00ea\u00ea\u00eala s\u2019en est all\u00e9e visiter un domaine viticole du territoire: Le Serre des Vignes \u00e0 la Roche-Saint-Secret-B\u00e9conne. Elle y a trouv\u00e9 bien plus que ce \u00e0 quoi elle s\u2019attendait\u00a0! Bien entendu un magnifique domaine en agriculture biologique, d\u2019appellation AOC Grignan les Adh\u00e9mar, un caveau, mais \u00e9galement des cultures d\u2019abricots et de lavandin. Le tout [&hellip;]<\/p>\n","protected":false},"author":1,"featured_media":5052,"comment_status":"open","ping_status":"open","sticky":false,"template":"","format":"standard","meta":[],"categories":[1],"tags":[42,45,46,47,48],"_links":{"self":[{"href":"https:\/\/www.dieulefit-tourisme.com\/de\/wp-json\/wp\/v2\/posts\/4986"}],"collection":[{"href":"https:\/\/www.dieulefit-tourisme.com\/de\/wp-json\/wp\/v2\/posts"}],"about":[{"href":"https:\/\/www.dieulefit-tourisme.com\/de\/wp-json\/wp\/v2\/types\/post"}],"author":[{"embeddable":true,"href":"https:\/\/www.dieulefit-tourisme.com\/de\/wp-json\/wp\/v2\/users\/1"}],"replies":[{"embeddable":true,"href":"https:\/\/www.dieulefit-tourisme.com\/de\/wp-json\/wp\/v2\/comments?post=4986"}],"version-history":[{"count":4,"href":"https:\/\/www.dieulefit-tourisme.com\/de\/wp-json\/wp\/v2\/posts\/4986\/revisions"}],"predecessor-version":[{"id":5638,"href":"https:\/\/www.dieulefit-tourisme.com\/de\/wp-json\/wp\/v2\/posts\/4986\/revisions\/5638"}],"wp:featuredmedia":[{"embeddable":true,"href":"https:\/\/www.dieulefit-tourisme.com\/de\/wp-json\/wp\/v2\/media\/5052"}],"wp:attachment":[{"href":"https:\/\/www.dieulefit-tourisme.com\/de\/wp-json\/wp\/v2\/media?parent=4986"}],"wp:term":[{"taxonomy":"category","embeddable":true,"href":"https:\/\/www.dieulefit-tourisme.com\/de\/wp-json\/wp\/v2\/categories?post=4986"},{"taxonomy":"post_tag","embeddable":true,"href":"https:\/\/www.dieulefit-tourisme.com\/de\/wp-json\/wp\/v2\/tags?post=4986"}],"curies":[{"name":"wp","href":"https:\/\/api.w.org\/{rel}","templated":true}]}}